{"id":2247,"date":"2024-03-20T10:00:45","date_gmt":"2024-03-20T13:00:45","guid":{"rendered":"https:\/\/www.ammsolutions.com.br\/?p=2247"},"modified":"2025-09-11T20:35:10","modified_gmt":"2025-09-11T20:35:10","slug":"plano-capacitacao-ibm-2030","status":"publish","type":"post","link":"https:\/\/gustavorocha1756318787000.0740735.meusitehostgator.com.br\/en\/plano-capacitacao-ibm-2030\/","title":{"rendered":"Plano de capacita\u00e7\u00e3o global da IBM at\u00e9 2030"},"content":{"rendered":"<p style=\"text-align: justify;\">A IBM lan\u00e7ou um ambicioso plano global e inovador para capacitar<strong> 30 milh\u00f5es de pessoas.<\/strong><!--more-->Este esfor\u00e7o envolve a forma\u00e7\u00e3o de mais de 170 novas parcerias acad\u00eamicas, ap<span style=\"font-size: 1rem;\">r<\/span><span style=\"font-size: 1rem;\">oveitando os programas j\u00e1 existentes da IBM para ampliar o acesso \u00e0 educa\u00e7\u00e3o e \u00e0s compet\u00eancias t\u00e9cnicas necess\u00e1rias no mercado de trabalho em constante evolu\u00e7\u00e3o.<\/span><\/p>\n<p style=\"text-align: justify;\">O compromisso da IBM reflete a compreens\u00e3o de que o talento est\u00e1 em toda parte, mas as oportunidades de treinamento nem sempre acompanham essa realidade. O presidente e CEO da IBM, <strong>Arvind Krishna<\/strong>, destaca a import\u00e2ncia de a\u00e7\u00f5es audaciosas para expandir o acesso \u00e0s compet\u00eancias digitais e \u00e0s oportunidades de emprego, visando beneficiar um espectro diversificado de indiv\u00edduos, independentemente de sua origem ou experi\u00eancia pr\u00e9via.<\/p>\n<p style=\"text-align: justify;\">Os programas educacionais da IBM abrangem uma ampla gama de ofertas, desde educa\u00e7\u00e3o t\u00e9cnica em escolas p\u00fablicas e universidades at\u00e9 est\u00e1gios remunerados na IBM. Al\u00e9m disso, a empresa oferece mentorias personalizadas, curr\u00edculos online gratuitos e colabora\u00e7\u00f5es com universidades, entidades governamentais e organiza\u00e7\u00f5es n\u00e3o governamentais, visando alcan\u00e7ar comunidades sub-representadas e historicamente desfavorecidas.<\/p>\n<p style=\"text-align: justify;\">A longa hist\u00f3ria de compromisso da IBM com a educa\u00e7\u00e3o \u00e9 evidente em iniciativas como o programa <strong>P-TECH<\/strong>, concebido para preencher a lacuna de compet\u00eancias em tecnologia. A empresa tamb\u00e9m oferece programas de requalifica\u00e7\u00e3o em \u00e1reas como seguran\u00e7a cibern\u00e9tica, computa\u00e7\u00e3o qu\u00e2ntica e intelig\u00eancia artificial, demonstrando seu comprometimento em capacitar as pessoas para os desafios do mundo digital. Esses esfor\u00e7os combinam programas pr\u00e1ticos e virtuais, refletindo o compromisso da IBM em alcan\u00e7ar pessoas em todo o mundo, onde quer que estejam.<\/p>\n<p>fonte:\u00a0<a href=\"https:\/\/newsroom.ibm.com\/2021-10-13-IBM-Commits-to-Skill-30-Million-People-Globally-by-2030?_ga=2.156620158.471491220.1713914220-640821927.1713914220&amp;_gl=1*12p40m8*_ga*NjQwODIxOTI3LjE3MTM5MTQyMjA.*_ga_FYECCCS21D*MTcxMzkxNDIyMC4xLjAuMTcxMzkxNDIyMC4wLjAuMA..\">https:\/\/newsroom.ibm.com\/2021-10-13-IBM-Commits-to-Skill-30-Million-People-Globally-by-2030?_ga=2.156620158.471491220.1713914220-640821927.1713914220&amp;_gl=1*12p40m8*_ga*NjQwODIxOTI3LjE3MTM5MTQyMjA.*_ga_FYECCCS21D*MTcxMzkxNDIyMC4xLjAuMTcxMzkxNDIyMC4wLjAuMA..<\/a><\/p>","protected":false},"excerpt":{"rendered":"<p>A IBM lan\u00e7ou um ambicioso plano global e inovador para capacitar 30 milh\u00f5es de pessoas.<\/p>","protected":false},"author":1,"featured_media":2543,"comment_status":"open","ping_status":"open","sticky":false,"template":"","format":"standard","meta":{"footnotes":""},"categories":[45],"tags":[79,128,234,291,298,299],"class_list":["post-2247","post","type-post","status-publish","format-standard","has-post-thumbnail","hentry","category-informativo","tag-as400","tag-contratacoes-ibm","tag-learning-machine","tag-power-ibm","tag-profissionais-de-ti","tag-programadores"],"_links":{"self":[{"href":"https:\/\/gustavorocha1756318787000.0740735.meusitehostgator.com.br\/en\/wp-json\/wp\/v2\/posts\/2247","targetHints":{"allow":["GET"]}}],"collection":[{"href":"https:\/\/gustavorocha1756318787000.0740735.meusitehostgator.com.br\/en\/wp-json\/wp\/v2\/posts"}],"about":[{"href":"https:\/\/gustavorocha1756318787000.0740735.meusitehostgator.com.br\/en\/wp-json\/wp\/v2\/types\/post"}],"author":[{"embeddable":true,"href":"https:\/\/gustavorocha1756318787000.0740735.meusitehostgator.com.br\/en\/wp-json\/wp\/v2\/users\/1"}],"replies":[{"embeddable":true,"href":"https:\/\/gustavorocha1756318787000.0740735.meusitehostgator.com.br\/en\/wp-json\/wp\/v2\/comments?post=2247"}],"version-history":[{"count":1,"href":"https:\/\/gustavorocha1756318787000.0740735.meusitehostgator.com.br\/en\/wp-json\/wp\/v2\/posts\/2247\/revisions"}],"predecessor-version":[{"id":15262,"href":"https:\/\/gustavorocha1756318787000.0740735.meusitehostgator.com.br\/en\/wp-json\/wp\/v2\/posts\/2247\/revisions\/15262"}],"wp:featuredmedia":[{"embeddable":true,"href":"https:\/\/gustavorocha1756318787000.0740735.meusitehostgator.com.br\/en\/wp-json\/wp\/v2\/media\/2543"}],"wp:attachment":[{"href":"https:\/\/gustavorocha1756318787000.0740735.meusitehostgator.com.br\/en\/wp-json\/wp\/v2\/media?parent=2247"}],"wp:term":[{"taxonomy":"category","embeddable":true,"href":"https:\/\/gustavorocha1756318787000.0740735.meusitehostgator.com.br\/en\/wp-json\/wp\/v2\/categories?post=2247"},{"taxonomy":"post_tag","embeddable":true,"href":"https:\/\/gustavorocha1756318787000.0740735.meusitehostgator.com.br\/en\/wp-json\/wp\/v2\/tags?post=2247"}],"curies":[{"name":"wp","href":"https:\/\/api.w.org\/{rel}","templated":true}]}}